{"id":1178,"global_id":"dorfwerkstatt-naenikon-greifensee.ch\/wp?id=1178","global_id_lineage":["dorfwerkstatt-naenikon-greifensee.ch\/wp?id=1178"],"author":"1","status":"publish","date":"2023-02-26 22:23:42","date_utc":"2023-02-26 21:23:42","modified":"2023-02-26 22:23:42","modified_utc":"2023-02-26 21:23:42","url":"https:\/\/dorfwerkstatt-naenikon-greifensee.ch\/wp\/?tribe_events=repair-cafe-uster-2","rest_url":"https:\/\/dorfwerkstatt-naenikon-greifensee.ch\/wp\/index.php?rest_route=\/tribe\/events\/v1\/events\/1178","title":"Repair-Cafe Uster","description":"<p>Im Monat des Internationalen Repair-Days findet auch dieses Jahr wieder das <a href=\"https:\/\/repair-cafe.ch\/de\/cafes\/repair-cafe-uster\">Repair-Cafe Uster<\/a> statt. DoWeGry unterst\u00fctzt dieses Event mit Reparateuren und Material und wir freuen uns schon jetzt wieder auf zahlreiche Gegenst\u00e4nde denen wir gemeinsam mit Euch ein zweites oder drittes Leben einhauchen d\u00fcrfen.<\/p>","excerpt":"","slug":"repair-cafe-uster-2","image":false,"all_day":false,"start_date":"2023-10-28 10:00:00","start_date_details":{"year":"2023","month":"10","day":"28","hour":"10","minutes":"00","seconds":"00"},"end_date":"2023-10-28 15:00:00","end_date_details":{"year":"2023","month":"10","day":"28","hour":"15","minutes":"00","seconds":"00"},"utc_start_date":"2023-10-28 08:00:00","utc_start_date_details":{"year":"2023","month":"10","day":"28","hour":"08","minutes":"00","seconds":"00"},"utc_end_date":"2023-10-28 13:00:00","utc_end_date_details":{"year":"2023","month":"10","day":"28","hour":"13","minutes":"00","seconds":"00"},"timezone":"Europe\/Zurich","timezone_abbr":"CEST","cost":"","cost_details":{"currency_symbol":"","currency_code":"","currency_position":"prefix","values":[]},"website":"","show_map":true,"show_map_link":true,"hide_from_listings":false,"sticky":false,"featured":false,"categories":[],"tags":[],"venue":{"id":1018,"author":"1","status":"publish","date":"2021-10-07 22:54:52","date_utc":"2021-10-07 20:54:52","modified":"2021-10-07 22:54:52","modified_utc":"2021-10-07 20:54:52","url":"https:\/\/dorfwerkstatt-naenikon-greifensee.ch\/wp\/?tribe_venue=zeughaus-uster","venue":"Zeughaus Uster","slug":"zeughaus-uster","address":"Berchtoldstrasse 10","city":"Uster","country":"Switzerland","zip":"8610","json_ld":{"@type":"Place","name":"Zeughaus Uster","description":"","url":"","address":{"@type":"PostalAddress","streetAddress":"Berchtoldstrasse 10","addressLocality":"Uster","postalCode":"8610","addressCountry":"Switzerland"},"telephone":"","sameAs":""},"show_map":true,"show_map_link":true,"global_id":"dorfwerkstatt-naenikon-greifensee.ch\/wp?id=1018","global_id_lineage":["dorfwerkstatt-naenikon-greifensee.ch\/wp?id=1018"]},"organizer":[],"custom_fields":[],"json_ld":{"@context":"http:\/\/schema.org","@type":"Event","name":"Repair-Cafe Uster","description":"&lt;p&gt;Im Monat des Internationalen Repair-Days findet auch dieses Jahr wieder das Repair-Cafe Uster statt. DoWeGry unterst\u00fctzt dieses Event mit Reparateuren und Material und wir freuen uns schon jetzt wieder auf [&hellip;]&lt;\/p&gt;\\n","url":"https:\/\/dorfwerkstatt-naenikon-greifensee.ch\/wp\/?tribe_events=repair-cafe-uster-2","eventAttendanceMode":"https:\/\/schema.org\/OfflineEventAttendanceMode","eventStatus":"https:\/\/schema.org\/EventScheduled","startDate":"2023-10-28T10:00:00+02:00","endDate":"2023-10-28T15:00:00+02:00","location":{"@type":"Place","name":"Zeughaus Uster","description":"","url":"","address":{"@type":"PostalAddress","streetAddress":"Berchtoldstrasse 10","addressLocality":"Uster","postalCode":"8610","addressCountry":"Switzerland"},"telephone":"","sameAs":""},"performer":"Organization"}}