{"id":1251,"global_id":"dorfwerkstatt-naenikon-greifensee.ch\/wp?id=1251","global_id_lineage":["dorfwerkstatt-naenikon-greifensee.ch\/wp?id=1251"],"author":"1","status":"publish","date":"2023-09-19 20:38:13","date_utc":"2023-09-19 18:38:13","modified":"2023-09-19 20:38:13","modified_utc":"2023-09-19 18:38:13","url":"https:\/\/dorfwerkstatt-naenikon-greifensee.ch\/wp\/?tribe_events=zeichnen-am-gleis-27-11","rest_url":"https:\/\/dorfwerkstatt-naenikon-greifensee.ch\/wp\/index.php?rest_route=\/tribe\/events\/v1\/events\/1251","title":"Zeichnen am Gleis 27.11.","description":"<p>Jeweils am letzten Montag im Monat, 18 \u2013 20.30 Uhr<br \/>\n28. August, 25. September, 30. Oktober, 27. November und 18. Dezember<\/p>\n<p><strong>Kreatives Workout<\/strong><\/p>\n<p>Wir zeichnen drinnen oder draussen zu verschiedenen Themen wie Urban Ske<img data-recalc-dims=\"1\" fetchpriority=\"high\" decoding=\"async\" class=\"size-medium wp-image-1244 alignright\" src=\"https:\/\/i0.wp.com\/dorfwerkstatt-naenikon-greifensee.ch\/wp\/wp-content\/uploads\/2023\/09\/Onlinebild.jpg?resize=300%2C177&#038;ssl=1\" alt=\"\" width=\"300\" height=\"177\" srcset=\"https:\/\/i0.wp.com\/dorfwerkstatt-naenikon-greifensee.ch\/wp\/wp-content\/uploads\/2023\/09\/Onlinebild.jpg?resize=300%2C177&amp;ssl=1 300w, https:\/\/i0.wp.com\/dorfwerkstatt-naenikon-greifensee.ch\/wp\/wp-content\/uploads\/2023\/09\/Onlinebild.jpg?w=490&amp;ssl=1 490w\" sizes=\"(max-width: 300px) 100vw, 300px\" \/>tching, Illustration, Selfies, Souvenir und andere mehr. Das Thema des Abends wird jeweils zum Voraus bekannt gegeben. Wir arbeiten spielerisch oder ambitioniert \u2013 je nach Bed\u00fcrfnis.<\/p>\n<p>Alle sind willkommen.<br \/>\nAblauf: Input zum Thema, zusammen zeichnen, sich austauschen, Feedback bekommen.<br \/>\nBei Sch\u00f6nwetter: Urban Sketching (draussen zeichnen)<br \/>\nBei Regen + K\u00e4lte: Zeichnen im Gleis1<\/p>\n<p>Material: Eigenes mitbringen oder im Gleis1 ausleihen (pauschal CHF 10.-\/Abend)<br \/>\nKaffee &amp; Co.: Das Caf\u00e9 ist montags geschlossen, ein beschr\u00e4nktes Sortiment ist aber verf\u00fcgbar.<br \/>\nKosten: Kollekte ins K\u00e4sseli oder per Twint<br \/>\nOrt: Kultur-Caf\u00e9 Gleis1 im Bahnhof N\u00e4nikon-Greifensee<br \/>\nLeitung: Lotti Eschmann (Grafik &amp; Illustration)<br \/>\nAnmelden per Mail an <a href=\"mailto:illustration@lottieschmann.ch\">illustration@lottieschmann.ch<\/a> oder spontan teilnehmen.<\/p>","excerpt":"","slug":"zeichnen-am-gleis-27-11","image":false,"all_day":false,"start_date":"2023-11-27 18:00:00","start_date_details":{"year":"2023","month":"11","day":"27","hour":"18","minutes":"00","seconds":"00"},"end_date":"2023-11-27 20:30:00","end_date_details":{"year":"2023","month":"11","day":"27","hour":"20","minutes":"30","seconds":"00"},"utc_start_date":"2023-11-27 17:00:00","utc_start_date_details":{"year":"2023","month":"11","day":"27","hour":"17","minutes":"00","seconds":"00"},"utc_end_date":"2023-11-27 19:30:00","utc_end_date_details":{"year":"2023","month":"11","day":"27","hour":"19","minutes":"30","seconds":"00"},"timezone":"Europe\/Zurich","timezone_abbr":"CET","cost":"","cost_details":{"currency_symbol":"","currency_code":"","currency_position":"prefix","values":[]},"website":"","show_map":true,"show_map_link":true,"hide_from_listings":false,"sticky":false,"featured":false,"categories":[],"tags":[],"venue":[],"organizer":[],"custom_fields":[],"json_ld":{"@context":"http:\/\/schema.org","@type":"Event","name":"Zeichnen am Gleis 27.11.","description":"&lt;p&gt;Jeweils am letzten Montag im Monat, 18 \u2013 20.30 Uhr 28. August, 25. September, 30. Oktober, 27. November und 18. Dezember Kreatives Workout Wir zeichnen drinnen oder draussen zu verschiedenen [&hellip;]&lt;\/p&gt;\\n","url":"https:\/\/dorfwerkstatt-naenikon-greifensee.ch\/wp\/?tribe_events=zeichnen-am-gleis-27-11","eventAttendanceMode":"https:\/\/schema.org\/OfflineEventAttendanceMode","eventStatus":"https:\/\/schema.org\/EventScheduled","startDate":"2023-11-27T18:00:00+01:00","endDate":"2023-11-27T20:30:00+01:00","performer":"Organization"}}